{"id":1987,"date":"2024-10-29T11:48:03","date_gmt":"2024-10-29T10:48:03","guid":{"rendered":"https:\/\/nezlomniaobetovani.cz\/?p=1987"},"modified":"2024-11-02T11:51:00","modified_gmt":"2024-11-02T10:51:00","slug":"echo24-cz-dejiny-sovetskeho-bloku-jsou-plne-pribehu-lidi-kteri-se-stretli-s-vladnoucim-systemem-rika-historik-blazek","status":"publish","type":"post","link":"https:\/\/nezlomniaobetovani.cz\/2025\/2024\/10\/29\/echo24-cz-dejiny-sovetskeho-bloku-jsou-plne-pribehu-lidi-kteri-se-stretli-s-vladnoucim-systemem-rika-historik-blazek\/","title":{"rendered":"ECHO24.CZ &#8211; Festival se zam\u011b\u0159uje na t\u00e9mata, kter\u00fdm se v\u011bnuje Muzeum pam\u011bti XX. stolet\u00ed. V\u202fsou\u010dasnosti se jedn\u00e1 o\u202fnejv\u011bt\u0161\u00ed \u010deskou filmovou p\u0159ehl\u00eddku film\u016f, kter\u00e9 se v\u011bnuj\u00ed soudob\u00fdm d\u011bjin\u00e1m."},"content":{"rendered":"<p class=\"perex\"><strong><br \/>\nMuzeum pam\u011bti XX. stolet\u00ed po\u0159\u00e1d\u00e1 ji\u017e V. ro\u010dn\u00edk\u00a0filmov\u00e9ho festivalu Nezlomn\u00ed a\u00a0ob\u011btovan\u00ed v\u00a0pra\u017esk\u00e9m kin\u011b Atlas od\u00a05.&nbsp;do\u00a08.&nbsp;listopadu. Letos je program v\u011bnov\u00e1n 35.&nbsp;v\u00fdro\u010d\u00ed sametov\u00e9 revoluce v\u00a0\u010ceskoslovensku a\u00a0ostatn\u00edch st\u00e1tech sov\u011btsk\u00e9ho bloku. Program a\u00a0vstupenky naleznete na\u00a0<a href=\"https:\/\/www.kinoatlaspraha.cz\/?tag=90\" target=\"_self\" rel=\"noopener\" data-type=\"external\">str\u00e1nk\u00e1ch kina Atlas<\/a>. Historik Petr Bla\u017eek, \u0159editel Muzea pam\u011bti XX. stolet\u00ed, v\u00a0rozhovoru p\u0159ibli\u017euje, jakou transformac\u00ed si festival b\u011bhem let pro\u0161el a\u00a0pro\u010d je d\u016fle\u017eit\u00e9 si p\u0159ipom\u00ednat ud\u00e1losti roku 1989.<\/strong><\/p>\n<aside class=\"js-trblmkr\">\n<div class=\"l-hide l-show@t flagAd\">\n<div id=\"adArticleContent\" class=\"SASPosition\" data-sas-area=\"rectangle\" data-sas-size=\"NativeBig_echo,E300x300,E300x250,E480x480,E480x300,C250x250,C500x200,C548x150,C320x150,Sklik_video\" data-sas-section=\"rozhovory\" data-sas-screen=\"tablet +\" data-sas-position=\"auto\" data-sas-options=\"lazy\"><\/div>\n<\/div>\n<\/aside>\n<p class=\"question\"><em>Leto\u0161n\u00ed ro\u010dn\u00edk\u00a0filmov\u00e9ho festivalu Nezlomn\u00ed a\u202fob\u011btovan\u00ed je jubilejn\u00ed. \u010cty\u0159denn\u00ed maraton projekc\u00ed, debat, semin\u00e1\u0159\u016f a\u202fstudentsk\u00fdch sout\u011b\u017e\u00ed se\u00a0kon\u00e1 ji\u017e pop\u00e1t\u00e9. Je nejv\u011bt\u0161\u00ed akc\u00ed, kterou Muzeum pam\u011bti XX. stolet\u00ed po\u0159\u00e1d\u00e1. Jak se\u00a0z\u202fva\u0161eho pohledu od\u00a0sv\u00e9ho vzniku prom\u011bnila?<\/em><\/p>\n<p>Je to velk\u00e1 zm\u011bna. Prvn\u00ed ro\u010dn\u00edk\u00a0se\u00a0v\u202froce 2020 uskute\u010dnil v\u202fobt\u00ed\u017en\u00fdch podm\u00ednk\u00e1ch. Vypukla pandemie covidu-19 a\u202fv\u0161e bylo jinak, ne\u017e jsme pl\u00e1novali. Prob\u011bhl z\u202fpohledu div\u00e1k\u016f ve\u00a0virtu\u00e1ln\u00edm prost\u0159ed\u00ed. \u00da\u010dastn\u00edci debat byli v\u202fkinos\u00e1le Bia Oko p\u0159\u00edtomni sami a\u202fmluvili do\u00a0kamer. Sledovanost byla nakonec dobr\u00e1 a\u202fohlasy na\u00a0prom\u00edtan\u00e9 filmy a\u202fn\u00e1sledn\u00e9 besedy jsme m\u011bli p\u0159\u00edzniv\u00e9, tak\u017ee\u00a0jsme se\u00a0rozhodli pokra\u010dovat. Druh\u00fd ro\u010dn\u00edk\u00a0byl pandemi\u00ed ov\u0161em tak\u00e9 ovlivn\u011bn, div\u00e1ci i\u202fhost\u00e9 museli m\u00edt rou\u0161ky. Teprve t\u0159et\u00ed ro\u010dn\u00edk\u00a0se\u00a0uskute\u010dnil tak, jak jsme si napl\u00e1novali. Mohli jsme na\u00a0dopoledn\u00ed projekce pozvat \u0161koly, p\u0159ibyly r\u016fzn\u00e9 doprovodn\u00e9 akce, kter\u00e9 jsme na\u00a0za\u010d\u00e1tku nem\u011bli. Zavedli jsme p\u0159ehl\u00eddku studentsk\u00fdch film\u016f. V\u00fdrazn\u011b se\u00a0roz\u0161\u00ed\u0159il prostor v\u011bnovan\u00fd z\u00e1kladn\u00edm a\u202fst\u0159edn\u00edm \u0161kol\u00e1m. Prom\u011bnil se\u00a0po\u010det partner\u016f festivalu. Hlavn\u00edm podporovatelem je hlavn\u00ed m\u011bsto Praha, zakladatel Muzea pam\u011bti XX. stolet\u00ed. Od\u00a0druh\u00e9ho ro\u010dn\u00edku\u00a0n\u00e1s\u00a0podporuje tak\u00e9 \u010cesko-polsk\u00e9 f\u00f3rum a\u202fkl\u00ed\u010dov\u00fdm partnerem je i\u202f\u010cesk\u00e1 televize. Od\u00a0minul\u00e9ho roku spolupracujeme s\u202f\u00dastavem pro\u00a0studium totalitn\u00edch re\u017eim\u016f. V\u202fleto\u0161n\u00edm roce jsme z\u00edskali rovn\u011b\u017e podporu od\u00a0Prague City Tourism. Dlouhodob\u011b spolupracujeme na\u00a0programu s\u202fN\u00e1rodn\u00edm filmov\u00fdm archivem, Vojensk\u00fdm historick\u00fdm \u00fastavem a\u202fkulturn\u00edmi centry \u0159ady zahrani\u010dn\u00edch st\u00e1t\u016f. V\u202fprogramov\u00e9 rad\u011b je mnoho zn\u00e1m\u00fdch re\u017eis\u00e9r\u016f, dokumentarist\u016f a\u202fhistorik\u016f. Dal\u0161\u00ed v\u00fdznamnou zm\u011bnou je fakt, \u017ee p\u016fvodn\u011b festival za\u010d\u00ednal jako festival dokument\u00e1rn\u00edch film\u016f, ale nyn\u00ed m\u00e1me v\u202fprogramu i\u202fhran\u00e9 a\u202fanimovan\u00e9 sn\u00edmky \u010di\u00a0experiment\u00e1ln\u00ed studentsk\u00e9 filmy. \u017d\u00e1nrov\u00e1 pestrost je nepom\u011brn\u011b v\u011bt\u0161\u00ed ne\u017e na\u00a0za\u010d\u00e1tku, co\u017e umo\u017e\u0148uje tak\u00e9 to, \u017ee m\u00e1me nyn\u00ed k\u202fdispozici dva kinos\u00e1ly v\u202fKin\u011b Atlas, s\u202fn\u00edm\u017e spolupracujeme od\u00a0roku 2023. D\u00edky tomu jsou sou\u010d\u00e1st\u00ed festivalu r\u016fzn\u00e9 semin\u00e1\u0159e, workshopy a\u202fm\u00e1me prostor pro\u00a0uspo\u0159\u00e1d\u00e1n\u00ed slavnostn\u00edho z\u00e1v\u011bre\u010dn\u00e9ho ve\u010dera.<\/p>\n<p><a href=\"https:\/\/www.echo24.cz\/a\/H3ae6\/rozhovor-panorama-historik-petr-blazek-muzeum-pameti-xx-filmovy-festival-nezlomni-a-obetovani\" target=\"_blank\" rel=\"noopener\">ODKAZ NA CEL\u00dd ROZHOVOR ZDE<\/a><\/p>\n","protected":false},"excerpt":{"rendered":"<p>Muzeum pam\u011bti XX. stolet\u00ed po\u0159\u00e1d\u00e1 ji\u017e V. ro\u010dn\u00edk\u00a0filmov\u00e9ho festivalu Nezlomn\u00ed a\u00a0ob\u011btovan\u00ed v\u00a0pra\u017esk\u00e9m kin\u011b Atlas od\u00a05.&nbsp;do\u00a08.&nbsp;listopadu. Letos je program v\u011bnov\u00e1n 35.&nbsp;v\u00fdro\u010d\u00ed sametov\u00e9 revoluce v\u00a0\u010ceskoslovensku a\u00a0ostatn\u00edch st\u00e1tech sov\u011btsk\u00e9ho bloku. Program a\u00a0vstupenky naleznete na\u00a0str\u00e1nk\u00e1ch kina Atlas. Historik Petr Bla\u017eek, \u0159editel Muzea pam\u011bti XX. stolet\u00ed, v\u00a0rozhovoru p\u0159ibli\u017euje, jakou transformac\u00ed si festival b\u011bhem let pro\u0161el a\u00a0pro\u010d je d\u016fle\u017eit\u00e9 si p\u0159ipom\u00ednat [&hellip;]<\/p>\n","protected":false},"author":1,"featured_media":1988,"comment_status":"closed","ping_status":"closed","sticky":false,"template":"","format":"standard","meta":{"footnotes":""},"categories":[5],"tags":[],"class_list":["post-1987","post","type-post","status-publish","format-standard","has-post-thumbnail","hentry","category-aktuality"],"_links":{"self":[{"href":"https:\/\/nezlomniaobetovani.cz\/2025\/wp-json\/wp\/v2\/posts\/1987","targetHints":{"allow":["GET"]}}],"collection":[{"href":"https:\/\/nezlomniaobetovani.cz\/2025\/wp-json\/wp\/v2\/posts"}],"about":[{"href":"https:\/\/nezlomniaobetovani.cz\/2025\/wp-json\/wp\/v2\/types\/post"}],"author":[{"embeddable":true,"href":"https:\/\/nezlomniaobetovani.cz\/2025\/wp-json\/wp\/v2\/users\/1"}],"replies":[{"embeddable":true,"href":"https:\/\/nezlomniaobetovani.cz\/2025\/wp-json\/wp\/v2\/comments?post=1987"}],"version-history":[{"count":5,"href":"https:\/\/nezlomniaobetovani.cz\/2025\/wp-json\/wp\/v2\/posts\/1987\/revisions"}],"predecessor-version":[{"id":1993,"href":"https:\/\/nezlomniaobetovani.cz\/2025\/wp-json\/wp\/v2\/posts\/1987\/revisions\/1993"}],"wp:featuredmedia":[{"embeddable":true,"href":"https:\/\/nezlomniaobetovani.cz\/2025\/wp-json\/wp\/v2\/media\/1988"}],"wp:attachment":[{"href":"https:\/\/nezlomniaobetovani.cz\/2025\/wp-json\/wp\/v2\/media?parent=1987"}],"wp:term":[{"taxonomy":"category","embeddable":true,"href":"https:\/\/nezlomniaobetovani.cz\/2025\/wp-json\/wp\/v2\/categories?post=1987"},{"taxonomy":"post_tag","embeddable":true,"href":"https:\/\/nezlomniaobetovani.cz\/2025\/wp-json\/wp\/v2\/tags?post=1987"}],"curies":[{"name":"wp","href":"https:\/\/api.w.org\/{rel}","templated":true}]}}