{"id":3208,"date":"2025-11-11T09:52:57","date_gmt":"2025-11-11T08:52:57","guid":{"rendered":"https:\/\/nezlomniaobetovani.cz\/?p=3208"},"modified":"2025-11-11T09:52:57","modified_gmt":"2025-11-11T08:52:57","slug":"nezlomni-a-obetovani-2025-alternativni-kultura-jako-prostor-svobody-2","status":"publish","type":"post","link":"https:\/\/nezlomniaobetovani.cz\/2025\/2025\/11\/11\/nezlomni-a-obetovani-2025-alternativni-kultura-jako-prostor-svobody-2\/","title":{"rendered":"NEZLOMN\u00cd A OB\u011aTOVAN\u00cd 2025: ALTERNATIVN\u00cd KULTURA JAKO PROSTOR SVOBODY"},"content":{"rendered":"<p><b>Praha, 10.&nbsp;listopadu 2025<\/b><span style=\"font-weight: 400;\">\u00a0<\/span><b>\u2013 \u010cty\u0159i listopadov\u00e9 dny zaplnily pra\u017esk\u00e9 Kino Atlas filmy, debaty, workshopy a setk\u00e1n\u00ed s&nbsp;osobnostmi \u010desk\u00e9 i zahrani\u010dn\u00ed dokument\u00e1rn\u00ed sc\u00e9ny. \u0160est\u00fd ro\u010dn\u00edk mezin\u00e1rodn\u00edho filmov\u00e9ho festivalu\u00a0Nezlomn\u00ed a ob\u011btovan\u00ed, po\u0159\u00e1dan\u00e9ho\u00a0Muzeem pam\u011bti XX. stolet\u00ed, se konal od\u00a04.&nbsp;do 7.&nbsp;listopadu 2025. Leto\u0161n\u00ed t\u00e9ma <\/b><b><i>Alternativn\u00ed kultura v&nbsp;\u010ceskoslovensku a dal\u0161\u00edch zem\u00edch sov\u011btsk\u00e9ho bloku<\/i><\/b><b>\u00a0p\u0159ipomn\u011blo, \u017ee i v&nbsp;dob\u011b nesvobody dok\u00e1zala kultura vytv\u00e1\u0159et prostor pro svobodn\u00e9 my\u0161len\u00ed, autenticitu a odpor v\u016f\u010di re\u017eimu.<\/b><\/p>\n<h3><b>Ostr\u016fvky svobody: hudba, samizdat a underground<\/b><\/h3>\n<p><span style=\"font-weight: 400;\">Hudba, samizdat, bytov\u00e9 semin\u00e1\u0159e, v\u00fdtvarn\u00e9 akce \u010di underground \u2013 to v\u0161e se v&nbsp;dob\u011b komunistick\u00e9ho re\u017eimu stalo prost\u0159ed\u00edm, kde vznikala svobodn\u00e1 tvorba i neform\u00e1ln\u00ed spole\u010denstv\u00ed. Festival nab\u00eddl t\u00e9m\u011b\u0159\u00a0pades\u00e1t dokument\u00e1rn\u00edch i hran\u00fdch sn\u00edmk\u016f, kter\u00e9 tyto fenom\u00e9ny zachytily nap\u0159\u00ed\u010d st\u0159edn\u00ed a v\u00fdchodn\u00ed Evropou.<\/span><\/p>\n<p><span style=\"font-weight: 400;\">P\u0159edstavena byla d\u00edla renomovan\u00fdch \u010desk\u00fdch dokumentarist\u016f, mezi nimi\u00a0Olga Sommerov\u00e1, Martin Vadas, Petr Nikolaev, Jaroslav Brabec, Pavel \u0160tingl, Pavel K\u0159emen \u010di Helena T\u0159e\u0161t\u00edkov\u00e1<\/span><b>,<\/b><span style=\"font-weight: 400;\"> i pr\u00e1ce\u00a0mlad\u00fdch autor\u016f\u00a0ve studentsk\u00e9 sekci. Mezi zahrani\u010dn\u00edmi hosty nechyb\u011bli\u00a0Martin Gross (N\u011bmecko)<\/span><b>,\u00a0<\/b><span style=\"font-weight: 400;\">Giedr\u0117 \u017dickyt\u0117-Bajar\u016bnien\u0117 (Litva)<\/span><b>,\u00a0<\/b><span style=\"font-weight: 400;\">Maksim \u0160ved (B\u011blorusko)\u00a0a\u00a0Arkadiusz Go\u0142\u0119biewski (Polsko)<\/span><b>,<\/b><span style=\"font-weight: 400;\"> \u0159editel partnersk\u00e9ho festivalu NNW v&nbsp;Gdyni.<\/span><\/p>\n<p><span style=\"font-weight: 400;\">Filmy p\u0159ipomn\u011bly osobnosti\u00a0Ivana Martina Jirouse, Pavla Zaj\u00ed\u010dka, Filipa Topola<\/span><b>\u00a0i\u00a0<\/b><span style=\"font-weight: 400;\">Sergeje Parad\u017eanova<\/span><b>,<\/b><span style=\"font-weight: 400;\"> fenom\u00e9n bytov\u00e9ho divadla a happening\u016f \u010di polskou\u00a0Pomeran\u010dovou alternativu<\/span><b>.<\/b><span style=\"font-weight: 400;\"> Div\u00e1ci mohli vid\u011bt tak\u00e9 sn\u00edmky o\u00a0koncertu The Rolling Stones ve Var\u0161av\u011b (1965)\u00a0nebo o\u00a0\u0161\u00ed\u0159en\u00ed rockov\u00fdch nahr\u00e1vek v&nbsp;Sov\u011btsk\u00e9m svazu<\/span><b>.<\/b><\/p>\n<p><span style=\"font-weight: 400;\">V p\u0159edve\u010der festivalu<\/span><b style=\"font-size: 1rem;\">,\u00a0<\/b><span style=\"font-weight: 400;\">3.&nbsp;listopadu 2025<\/span><b style=\"font-size: 1rem;\">,<\/b><span style=\"font-weight: 400;\"> se v&nbsp;pra\u017esk\u00e9m\u00a0klubu Vag\u00f3n\u00a0uskute\u010dnil koncert kapel\u00a0Svatopluk<\/span><b style=\"font-size: 1rem;\">\u00a0<\/b><span style=\"font-weight: 400;\">a\u00a0All Tomorrow\u2019s Parties Band plays The Velvet Underground, dopln\u011bn\u00fd vystoupen\u00edm ko\u0161ick\u00e9ho b\u00e1sn\u00edka a slam poetry performera\u00a0Tom\u00e1\u0161e Straky<\/span><b style=\"font-size: 1rem;\">.<\/b><\/p>\n<h3><b>Ceny festivalu 2025<\/b><\/h3>\n<p><span style=\"font-weight: 400;\">Slavnostn\u00ed zakon\u010den\u00ed festivalu prob\u011bhlo\u00a07.&nbsp;listopadu 2025<\/span><b>\u00a0<\/b><span style=\"font-weight: 400;\">v Kin\u011b Atlas. Ve\u010der moderovala<\/span><b>\u00a0<\/b><span style=\"font-weight: 400;\">Barbora Krou\u017ekov\u00e1, hudebn\u011b jej doprovodil\u00a0Josef Jan\u00ed\u010dek<\/span><b>,<\/b><span style=\"font-weight: 400;\"> \u010dlen legend\u00e1rn\u00ed skupiny\u00a0The Plastic People of the Universe<\/span><b>.<\/b><\/p>\n<ul>\n<li style=\"font-weight: 400;\" aria-level=\"1\"><b>Cenu Tv\u016frce pam\u011bti<\/b><span style=\"font-weight: 400;\">\u00a0p\u0159evzal\u00a0<\/span><b>Jaroslav Brabec<\/b><span style=\"font-weight: 400;\">\u00a0za mimo\u0159\u00e1dn\u00fd um\u011bleck\u00fd p\u0159\u00ednos dokument\u00e1rn\u00ed tvorb\u011b a dlouhodobou pr\u00e1ci s&nbsp;historickou pam\u011bt\u00ed.<\/span><\/li>\n<li style=\"font-weight: 400;\" aria-level=\"1\"><b>Cenu Jaroslavy Janderov\u00e9 Str\u00e1\u017ece pam\u011bti<\/b><span style=\"font-weight: 400;\">\u00a0z\u00edskal\u00a0<\/span><b>\u0141ukasz Kami\u0144ski<\/b><span style=\"font-weight: 400;\">, \u0159editel vratislavsk\u00e9 knihovny\u00a0<\/span><b>Ossolineum<\/b><span style=\"font-weight: 400;\">, za p\u0159\u00ednos k&nbsp;pozn\u00e1n\u00ed \u010deskoslovensko-polsk\u00fdch vztah\u016f.<\/span><\/li>\n<li style=\"font-weight: 400;\" aria-level=\"1\"><b>Cenu Budoucnost pam\u011bti<\/b><span style=\"font-weight: 400;\">\u00a0obdr\u017eel\u00a0<\/span><b>Matou\u0161 Va\u010fura<\/b><span style=\"font-weight: 400;\">\u00a0(FAMU) za sn\u00edmek\u00a0<\/span><i><span style=\"font-weight: 400;\">St\u00edny bezmoci<\/span><\/i><span style=\"font-weight: 400;\">.<\/span><\/li>\n<li style=\"font-weight: 400;\" aria-level=\"1\"><b>Zvl\u00e1\u0161tn\u00ed uzn\u00e1n\u00ed poroty<\/b><span style=\"font-weight: 400;\">\u00a0z\u00edskali studenti\u00a0<\/span><b>Ond\u0159ej Veverka<\/b><span style=\"font-weight: 400;\">\u00a0(<\/span><i><span style=\"font-weight: 400;\">Jazzem v\u00e1lku nevyhrajete!<\/span><\/i><span style=\"font-weight: 400;\">) a\u00a0<\/span><b>Jind\u0159ich Andr\u0161<\/b><span style=\"font-weight: 400;\">\u00a0(<\/span><i><span style=\"font-weight: 400;\">Kulturn\u00ed fronta<\/span><\/i><span style=\"font-weight: 400;\">).<\/span><\/li>\n<\/ul>\n<p><span style=\"font-weight: 400;\">Sou\u010d\u00e1st\u00ed programu byly tak\u00e9 kr\u00e1tk\u00e9 filmy student\u016f\u00a0St\u0159edn\u00ed \u0161koly reklamn\u00ed a um\u011bleck\u00e9 tvorby Michael, o nich\u017e na workshopu diskutovali re\u017eis\u00e9rka\u00a0Eva Tomanov\u00e1\u00a0a producent\u00a0Petr Mor\u00e1vek<\/span><b>.<\/p>\n<p><\/b><b style=\"font-size: 1.125rem;\">Festival s&nbsp;podporou dom\u00e1c\u00edch i zahrani\u010dn\u00edch partner\u016f<\/b><\/p>\n<p><span style=\"font-weight: 400;\">Festival\u00a0Nezlomn\u00ed a ob\u011btovan\u00ed 2025<\/span><b>\u00a0<\/b><span style=\"font-weight: 400;\">uspo\u0159\u00e1dalo\u00a0Muzeum pam\u011bti XX. stolet\u00ed\u00a0ve spolupr\u00e1ci s&nbsp;dom\u00e1c\u00edmi i mezin\u00e1rodn\u00edmi partnery:<\/span><span style=\"font-weight: 400;\"><br \/>\n<\/span><b>Hlavn\u00ed m\u011bsto Praha, \u00da\u0159ad vl\u00e1dy \u010cR, Ministerstvo obrany \u010cR, Sen\u00e1t Parlamentu \u010cR, \u010cesko \u2013 polsk\u00e9 forum, Polsk\u00fd institut v&nbsp;Praze, Platforma evropsk\u00e9 pam\u011bti a sv\u011bdom\u00ed, \u00dastav pro studium totalitn\u00edch re\u017eim\u016f, N\u00e1rodn\u00ed filmov\u00fd archiv, \u010cesk\u00e1 televize, \u010cesk\u00fd rozhlas Plus<\/b><span style=\"font-weight: 400;\">, <\/span><b>Pra\u017esk\u00e1 plyn\u00e1rensk\u00e1 <\/b><span style=\"font-weight: 400;\">a<\/span><b> Alza.cz<\/b><span style=\"font-weight: 400;\">.<\/span><span style=\"font-weight: 400;\"><br \/>\n<\/span><span style=\"font-weight: 400;\">Festival se konal pod z\u00e1\u0161titou\u00a0<\/span><b>m\u00edstop\u0159edsedkyn\u011b Sen\u00e1tu P\u010cR Jitky Seitlov\u00e9<\/b><span style=\"font-weight: 400;\">, <\/span><b>zmocn\u011bnkyn\u011b vl\u00e1dy pro lidsk\u00e1 pr\u00e1va Kl\u00e1ry \u0160im\u00e1\u010dkov\u00e9 Lauren\u010d\u00edkov\u00e9<\/b><span style=\"font-weight: 400;\"> a <\/span><b>n\u00e1m\u011bstka prim\u00e1tora hl. m. Prahy Ji\u0159\u00edho Posp\u00ed\u0161ila<\/b><span style=\"font-weight: 400;\">.<\/span><\/p>\n<p>&nbsp;<\/p>\n<p>&nbsp;<\/p>\n","protected":false},"excerpt":{"rendered":"<p>Praha, 10.&nbsp;listopadu 2025\u00a0\u2013 \u010cty\u0159i listopadov\u00e9 dny zaplnily pra\u017esk\u00e9 Kino Atlas filmy, debaty, workshopy a setk\u00e1n\u00ed s&nbsp;osobnostmi \u010desk\u00e9 i zahrani\u010dn\u00ed dokument\u00e1rn\u00ed sc\u00e9ny. \u0160est\u00fd ro\u010dn\u00edk mezin\u00e1rodn\u00edho filmov\u00e9ho festivalu\u00a0Nezlomn\u00ed a ob\u011btovan\u00ed, po\u0159\u00e1dan\u00e9ho\u00a0Muzeem pam\u011bti XX. stolet\u00ed, se konal od\u00a04.&nbsp;do 7.&nbsp;listopadu 2025. Leto\u0161n\u00ed t\u00e9ma Alternativn\u00ed kultura v&nbsp;\u010ceskoslovensku a dal\u0161\u00edch zem\u00edch sov\u011btsk\u00e9ho bloku\u00a0p\u0159ipomn\u011blo, \u017ee i v&nbsp;dob\u011b nesvobody dok\u00e1zala kultura vytv\u00e1\u0159et prostor [&hellip;]<\/p>\n","protected":false},"author":1,"featured_media":3174,"comment_status":"closed","ping_status":"closed","sticky":false,"template":"","format":"standard","meta":{"footnotes":""},"categories":[5],"tags":[],"class_list":["post-3208","post","type-post","status-publish","format-standard","has-post-thumbnail","hentry","category-aktuality"],"_links":{"self":[{"href":"https:\/\/nezlomniaobetovani.cz\/2025\/wp-json\/wp\/v2\/posts\/3208","targetHints":{"allow":["GET"]}}],"collection":[{"href":"https:\/\/nezlomniaobetovani.cz\/2025\/wp-json\/wp\/v2\/posts"}],"about":[{"href":"https:\/\/nezlomniaobetovani.cz\/2025\/wp-json\/wp\/v2\/types\/post"}],"author":[{"embeddable":true,"href":"https:\/\/nezlomniaobetovani.cz\/2025\/wp-json\/wp\/v2\/users\/1"}],"replies":[{"embeddable":true,"href":"https:\/\/nezlomniaobetovani.cz\/2025\/wp-json\/wp\/v2\/comments?post=3208"}],"version-history":[{"count":1,"href":"https:\/\/nezlomniaobetovani.cz\/2025\/wp-json\/wp\/v2\/posts\/3208\/revisions"}],"predecessor-version":[{"id":3209,"href":"https:\/\/nezlomniaobetovani.cz\/2025\/wp-json\/wp\/v2\/posts\/3208\/revisions\/3209"}],"wp:featuredmedia":[{"embeddable":true,"href":"https:\/\/nezlomniaobetovani.cz\/2025\/wp-json\/wp\/v2\/media\/3174"}],"wp:attachment":[{"href":"https:\/\/nezlomniaobetovani.cz\/2025\/wp-json\/wp\/v2\/media?parent=3208"}],"wp:term":[{"taxonomy":"category","embeddable":true,"href":"https:\/\/nezlomniaobetovani.cz\/2025\/wp-json\/wp\/v2\/categories?post=3208"},{"taxonomy":"post_tag","embeddable":true,"href":"https:\/\/nezlomniaobetovani.cz\/2025\/wp-json\/wp\/v2\/tags?post=3208"}],"curies":[{"name":"wp","href":"https:\/\/api.w.org\/{rel}","templated":true}]}}